{"id":2530,"date":"2019-05-16T21:35:20","date_gmt":"2019-05-16T19:35:20","guid":{"rendered":"https:\/\/staging.nicolasgilsoul.be\/debriefing-chili\/"},"modified":"2021-02-18T16:18:57","modified_gmt":"2021-02-18T15:18:57","slug":"debriefing-chili","status":"publish","type":"post","link":"https:\/\/nicolasgilsoul.be\/fr\/debriefing-chili\/","title":{"rendered":"D\u00e9brief \u2013 Chili"},"content":{"rendered":"\t\t<div data-elementor-type=\"wp-post\" data-elementor-id=\"2530\" class=\"elementor elementor-2530\">\n\t\t\t\t\t\t<div class=\"elementor-inner\">\n\t\t\t\t<div class=\"elementor-section-wrap\">\n\t\t\t\t\t\t\t\t\t<section class=\"elementor-section elementor-top-section elementor-element elementor-element-39e0b9d3 elementor-section-boxed elementor-section-height-default elementor-section-height-default\" data-id=\"39e0b9d3\" data-element_type=\"section\">\n\t\t\t\t\t\t<div class=\"elementor-container elementor-column-gap-default\">\n\t\t\t\t\t\t\t<div class=\"elementor-row\">\n\t\t\t\t\t<div class=\"elementor-column elementor-col-100 elementor-top-column elementor-element elementor-element-51e4d7e7\" data-id=\"51e4d7e7\" data-element_type=\"column\">\n\t\t\t<div class=\"elementor-column-wrap elementor-element-populated\">\n\t\t\t\t\t\t\t<div class=\"elementor-widget-wrap\">\n\t\t\t\t\t\t<div class=\"elementor-element elementor-element-62cf68d0 elementor-widget elementor-widget-text-editor\" data-id=\"62cf68d0\" data-element_type=\"widget\" data-widget_type=\"text-editor.default\">\n\t\t\t\t<div class=\"elementor-widget-container\">\n\t\t\t\t\t\t\t\t<div class=\"elementor-text-editor elementor-clearfix\">\n\t\t\t\t<p><strong><em>\u00ab\u00a0La pr\u00e9paration du Rallye du Portugal a d\u00e9j\u00e0 commenc\u00e9\u2026\u00a0\u00bb<\/em><\/strong><\/p><p>Apr\u00e8s deux victoires en Corse et en Argentine, avec Thierry, on esp\u00e9rait d\u00e9frayer une nouvelle fois la chronique au Chili. C\u2019est fait\u2026 mais pas de la mani\u00e8re souhait\u00e9e, h\u00e9las\u00a0! Avant toute chose, j\u2019aimerais saluer et remercier toutes les personnes qui nous ont d\u2019une mani\u00e8re ou d\u2019une autre manifest\u00e9 leur soutien apr\u00e8s notre spectaculaire accident dans l\u2019ES8 samedi matin. En d\u00e9pit de la violence du choc, nous n\u2019avons pas \u00e9t\u00e9 bless\u00e9s, m\u00eame si quelques journ\u00e9es de repos sont n\u00e9cessaires afin de permettre au corps de se remettre de la force centrifuge encaiss\u00e9e lors de cette s\u00e9rie de tonneaux.<\/p><p>C\u2019est dans des instants comme celui-l\u00e0 qu\u2019on se dit que l\u2019entra\u00eenement physique prend tout son sens. Et que la s\u00e9curit\u00e9 dans l\u2019habitacle des voitures de rallye a beaucoup progress\u00e9. Sans une pr\u00e9paration physique digne de ce nom, et un mat\u00e9riel \u00e0 la pointe de la technologie, qu\u2019il s\u2019agisse de la cellule de survie de la Hyundai, qui a parfaitement jou\u00e9 son r\u00f4le, du baquet, du casque ou des sangles du syst\u00e8me HANS, les cons\u00e9quences de notre accident auraient pu \u00eatre f\u00e2cheuses. En nous extirpant de l\u2019\u00e9pave, avec Thierry, nous \u00e9tions certes choqu\u00e9s, mais sur nos jambes, indemnes. C\u2019est l\u2019essentiel\u2026<\/p>\t\t\t\t\t<\/div>\n\t\t\t\t\t\t<\/div>\n\t\t\t\t<\/div>\n\t\t\t\t<div class=\"elementor-element elementor-element-1b39434b elementor-widget elementor-widget-image\" data-id=\"1b39434b\" data-element_type=\"widget\" data-widget_type=\"image.default\">\n\t\t\t\t<div class=\"elementor-widget-container\">\n\t\t\t\t\t\t\t\t<div class=\"elementor-image\">\n\t\t\t\t\t\t\t\t\t\t\t\t<img decoding=\"async\" width=\"960\" height=\"640\" src=\"https:\/\/nicolasgilsoul.be\/wp-content\/uploads\/2019\/05\/2019CHILE_HEM_157-1.jpg\" class=\"attachment-large size-large wp-image-1857\" alt=\"\" loading=\"lazy\" srcset=\"https:\/\/nicolasgilsoul.be\/wp-content\/uploads\/2019\/05\/2019CHILE_HEM_157-1.jpg 960w, https:\/\/nicolasgilsoul.be\/wp-content\/uploads\/2019\/05\/2019CHILE_HEM_157-1-300x200.jpg 300w, https:\/\/nicolasgilsoul.be\/wp-content\/uploads\/2019\/05\/2019CHILE_HEM_157-1-768x512.jpg 768w, https:\/\/nicolasgilsoul.be\/wp-content\/uploads\/2019\/05\/2019CHILE_HEM_157-1-600x400.jpg 600w, https:\/\/nicolasgilsoul.be\/wp-content\/uploads\/2019\/05\/2019CHILE_HEM_157-1-848x565.jpg 848w\" sizes=\"(max-width: 960px) 100vw, 960px\" \/>\t\t\t\t\t\t\t\t\t\t\t\t\t\t<\/div>\n\t\t\t\t\t\t<\/div>\n\t\t\t\t<\/div>\n\t\t\t\t<div class=\"elementor-element elementor-element-659f43ae elementor-widget elementor-widget-image\" data-id=\"659f43ae\" data-element_type=\"widget\" data-widget_type=\"image.default\">\n\t\t\t\t<div class=\"elementor-widget-container\">\n\t\t\t\t\t\t\t\t<div class=\"elementor-image\">\n\t\t\t\t\t\t\t\t\t\t\t\t<img decoding=\"async\" width=\"960\" height=\"72\" src=\"https:\/\/nicolasgilsoul.be\/wp-content\/uploads\/2018\/10\/Separateur.png\" class=\"attachment-large size-large wp-image-1742\" alt=\"\" loading=\"lazy\" srcset=\"https:\/\/nicolasgilsoul.be\/wp-content\/uploads\/2018\/10\/Separateur.png 960w, https:\/\/nicolasgilsoul.be\/wp-content\/uploads\/2018\/10\/Separateur-300x23.png 300w, https:\/\/nicolasgilsoul.be\/wp-content\/uploads\/2018\/10\/Separateur-768x58.png 768w, https:\/\/nicolasgilsoul.be\/wp-content\/uploads\/2018\/10\/Separateur-848x64.png 848w\" sizes=\"(max-width: 960px) 100vw, 960px\" \/>\t\t\t\t\t\t\t\t\t\t\t\t\t\t<\/div>\n\t\t\t\t\t\t<\/div>\n\t\t\t\t<\/div>\n\t\t\t\t<div class=\"elementor-element elementor-element-5f889bb9 elementor-widget elementor-widget-text-editor\" data-id=\"5f889bb9\" data-element_type=\"widget\" data-widget_type=\"text-editor.default\">\n\t\t\t\t<div class=\"elementor-widget-container\">\n\t\t\t\t\t\t\t\t<div class=\"elementor-text-editor elementor-clearfix\">\n\t\t\t\t<p>Comme expliqu\u00e9 \u00e7a et l\u00e0, notre sortie de route trouve son origine dans un virage que nous avons quelque peu \u2018surnot\u00e9\u2019. Il ne manquait pas grand-chose, une vingtaine de centim\u00e8tres peut-\u00eatre. Bref, une petite faute avec de grosses cons\u00e9quences. Pendant une partie des reconnaissances, le brouillard \u00e9tait tr\u00e8s pr\u00e9sent, ce qui a ajout\u00e9 \u00e0 la difficult\u00e9 de d\u00e9couvrir et comprendre un parcours exigeant quant au profil de la route, tr\u00e8s vallonn\u00e9, avec beaucoup de cuvettes et de sommets, un peu comme en Finlande. Le Chili compte un grand nombre de virages o\u00f9 il faut inscrire la voiture sans voir la sortie.<\/p><p>Le vendredi, les sp\u00e9ciales \u00e9taient plus \u00e9troites et moins rapides, ce qui convenait bien \u00e0 la Toyota, tandis que le samedi, c\u2019\u00e9tait plus large et plus rapide, et la Hyundai \u00e9tait bien en perfo\u00a0! Ce qui s\u2019est confirm\u00e9 apr\u00e8s notre abandon par plusieurs scratches pour S\u00e9bastien Loeb et Daniel Elena. Le nonuple champion du monde a d\u2019ailleurs rapidement compris le mode d\u2019emploi de l\u2019i20 Coup\u00e9 WRC dans ces conditions, de sorte que pour Hyundai, les points qu\u2019il a engrang\u00e9s, en plus de ceux d\u2019Andreas Mikkelsen, font que ce Rallye du Chili n\u2019a pas tourn\u00e9 \u00e0 la catastrophe. La voiture a clairement progress\u00e9, et cela se ressent. Dans la premi\u00e8re sp\u00e9ciale de samedi, nous avions d\u2019ailleurs sign\u00e9 le scratch, ce qui en dit long sur notre niveau de performance d\u00e8s l\u2019instant o\u00f9 nous n\u2019\u00e9tions plus les premiers sur la route.<\/p>\t\t\t\t\t<\/div>\n\t\t\t\t\t\t<\/div>\n\t\t\t\t<\/div>\n\t\t\t\t<div class=\"elementor-element elementor-element-63cfe8fe elementor-widget elementor-widget-image\" data-id=\"63cfe8fe\" data-element_type=\"widget\" data-widget_type=\"image.default\">\n\t\t\t\t<div class=\"elementor-widget-container\">\n\t\t\t\t\t\t\t\t<div class=\"elementor-image\">\n\t\t\t\t\t\t\t\t\t\t\t\t<img decoding=\"async\" width=\"960\" height=\"640\" src=\"https:\/\/nicolasgilsoul.be\/wp-content\/uploads\/2019\/05\/2019CHILE_AUS_1895-1.jpg\" class=\"attachment-large size-large wp-image-1855\" alt=\"\" loading=\"lazy\" srcset=\"https:\/\/nicolasgilsoul.be\/wp-content\/uploads\/2019\/05\/2019CHILE_AUS_1895-1.jpg 960w, https:\/\/nicolasgilsoul.be\/wp-content\/uploads\/2019\/05\/2019CHILE_AUS_1895-1-300x200.jpg 300w, https:\/\/nicolasgilsoul.be\/wp-content\/uploads\/2019\/05\/2019CHILE_AUS_1895-1-768x512.jpg 768w, https:\/\/nicolasgilsoul.be\/wp-content\/uploads\/2019\/05\/2019CHILE_AUS_1895-1-600x400.jpg 600w, https:\/\/nicolasgilsoul.be\/wp-content\/uploads\/2019\/05\/2019CHILE_AUS_1895-1-848x565.jpg 848w\" sizes=\"(max-width: 960px) 100vw, 960px\" \/>\t\t\t\t\t\t\t\t\t\t\t\t\t\t<\/div>\n\t\t\t\t\t\t<\/div>\n\t\t\t\t<\/div>\n\t\t\t\t<div class=\"elementor-element elementor-element-56092789 elementor-widget elementor-widget-image\" data-id=\"56092789\" data-element_type=\"widget\" data-widget_type=\"image.default\">\n\t\t\t\t<div class=\"elementor-widget-container\">\n\t\t\t\t\t\t\t\t<div class=\"elementor-image\">\n\t\t\t\t\t\t\t\t\t\t\t\t<img decoding=\"async\" width=\"960\" height=\"72\" src=\"https:\/\/nicolasgilsoul.be\/wp-content\/uploads\/2018\/10\/Separateur.png\" class=\"attachment-large size-large wp-image-1742\" alt=\"\" loading=\"lazy\" srcset=\"https:\/\/nicolasgilsoul.be\/wp-content\/uploads\/2018\/10\/Separateur.png 960w, https:\/\/nicolasgilsoul.be\/wp-content\/uploads\/2018\/10\/Separateur-300x23.png 300w, https:\/\/nicolasgilsoul.be\/wp-content\/uploads\/2018\/10\/Separateur-768x58.png 768w, https:\/\/nicolasgilsoul.be\/wp-content\/uploads\/2018\/10\/Separateur-848x64.png 848w\" sizes=\"(max-width: 960px) 100vw, 960px\" \/>\t\t\t\t\t\t\t\t\t\t\t\t\t\t<\/div>\n\t\t\t\t\t\t<\/div>\n\t\t\t\t<\/div>\n\t\t\t\t<div class=\"elementor-element elementor-element-4097a7e2 elementor-widget elementor-widget-text-editor\" data-id=\"4097a7e2\" data-element_type=\"widget\" data-widget_type=\"text-editor.default\">\n\t\t\t\t<div class=\"elementor-widget-container\">\n\t\t\t\t\t\t\t\t<div class=\"elementor-text-editor elementor-clearfix\">\n\t\t\t\t<p>Restons positifs, ce r\u00e9sultat blanc au Chili va nous permettre d\u2019aborder le Rallye du Portugal de mani\u00e8re plus \u2018confortable\u2019, en n\u2019ouvrant pas le premier jour. Ce qui n\u2019est pas mal dans l\u2019absolu. On remarque, d\u2019\u00e9preuve en \u00e9preuve, que la triplette Ogier-T\u00e4nak-Neuville se retrouve syst\u00e9matiquement aux avant-postes, le r\u00e9sultat variant en fonction des conditions m\u00e9t\u00e9o, l\u2019\u00e9tat de la route, etc. Et celui qui reprend la t\u00eate du championnat sait qu\u2019il sera d\u00e9savantag\u00e9 lors de l\u2019\u00e9preuve suivante. Vous l\u2019avez compris, la saison est encore longue\u2026<\/p><p>Apr\u00e8s vingt-quatre jours loin de chez moi, j\u2019aspire \u00e0 remettre ma casquette de papa et \u00e0 prendre un peu de repos jusqu\u2019\u00e0 la fin de la semaine. Ce qui ne m\u2019a d\u2019ailleurs pas emp\u00each\u00e9 de d\u00e9j\u00e0 attaquer la pr\u00e9paration du Rallye du Portugal d\u2019un point de vue administratif pendant le voyage du retour.<\/p>\t\t\t\t\t<\/div>\n\t\t\t\t\t\t<\/div>\n\t\t\t\t<\/div>\n\t\t\t\t<div class=\"elementor-element elementor-element-6dba66f2 elementor-widget elementor-widget-image\" data-id=\"6dba66f2\" data-element_type=\"widget\" data-widget_type=\"image.default\">\n\t\t\t\t<div class=\"elementor-widget-container\">\n\t\t\t\t\t\t\t\t<div class=\"elementor-image\">\n\t\t\t\t\t\t\t\t\t\t\t\t<img decoding=\"async\" width=\"960\" height=\"640\" src=\"https:\/\/nicolasgilsoul.be\/wp-content\/uploads\/2019\/05\/2019CHILE_AUS_2128-1.jpg\" class=\"attachment-large size-large wp-image-1856\" alt=\"\" loading=\"lazy\" srcset=\"https:\/\/nicolasgilsoul.be\/wp-content\/uploads\/2019\/05\/2019CHILE_AUS_2128-1.jpg 960w, https:\/\/nicolasgilsoul.be\/wp-content\/uploads\/2019\/05\/2019CHILE_AUS_2128-1-300x200.jpg 300w, https:\/\/nicolasgilsoul.be\/wp-content\/uploads\/2019\/05\/2019CHILE_AUS_2128-1-768x512.jpg 768w, https:\/\/nicolasgilsoul.be\/wp-content\/uploads\/2019\/05\/2019CHILE_AUS_2128-1-600x400.jpg 600w, https:\/\/nicolasgilsoul.be\/wp-content\/uploads\/2019\/05\/2019CHILE_AUS_2128-1-848x565.jpg 848w\" sizes=\"(max-width: 960px) 100vw, 960px\" \/>\t\t\t\t\t\t\t\t\t\t\t\t\t\t<\/div>\n\t\t\t\t\t\t<\/div>\n\t\t\t\t<\/div>\n\t\t\t\t<div class=\"elementor-element elementor-element-689f662f elementor-widget elementor-widget-image\" data-id=\"689f662f\" data-element_type=\"widget\" data-widget_type=\"image.default\">\n\t\t\t\t<div class=\"elementor-widget-container\">\n\t\t\t\t\t\t\t\t<div class=\"elementor-image\">\n\t\t\t\t\t\t\t\t\t\t\t\t<img decoding=\"async\" width=\"960\" height=\"72\" src=\"https:\/\/nicolasgilsoul.be\/wp-content\/uploads\/2018\/10\/Separateur.png\" class=\"attachment-large size-large wp-image-1742\" alt=\"\" loading=\"lazy\" srcset=\"https:\/\/nicolasgilsoul.be\/wp-content\/uploads\/2018\/10\/Separateur.png 960w, https:\/\/nicolasgilsoul.be\/wp-content\/uploads\/2018\/10\/Separateur-300x23.png 300w, https:\/\/nicolasgilsoul.be\/wp-content\/uploads\/2018\/10\/Separateur-768x58.png 768w, https:\/\/nicolasgilsoul.be\/wp-content\/uploads\/2018\/10\/Separateur-848x64.png 848w\" sizes=\"(max-width: 960px) 100vw, 960px\" \/>\t\t\t\t\t\t\t\t\t\t\t\t\t\t<\/div>\n\t\t\t\t\t\t<\/div>\n\t\t\t\t<\/div>\n\t\t\t\t<div class=\"elementor-element elementor-element-7d9e900e elementor-widget elementor-widget-text-editor\" data-id=\"7d9e900e\" data-element_type=\"widget\" data-widget_type=\"text-editor.default\">\n\t\t\t\t<div class=\"elementor-widget-container\">\n\t\t\t\t\t\t\t\t<div class=\"elementor-text-editor elementor-clearfix\">\n\t\t\t\t<p>Histoire de couper court \u00e0 toute rumeur, je confirme qu\u2019en fin de semaine, Hyundai Motorsport proc\u00e9dera \u00e0 des tests en vue du Portugal. Il \u00e9tait pr\u00e9vu de longue date que je ne sois pas de la partie, et c\u2019est Julien Vial, qui accompagne Bruno Thiry dans le r\u00f4le d\u2019ouvreur, qui prendra place aux c\u00f4t\u00e9s de Thierry. Julien, avec lequel je collabore beaucoup, conna\u00eet bien notre syst\u00e8me de notes, et il est clair que si un jour je n\u2019\u00e9tais pas en mesure de m\u2019aligner sur une \u00e9preuve dans le baquet de droite, c\u2019est lui qui serait amen\u00e9 \u00e0 me remplacer. Il est donc tr\u00e8s int\u00e9ressant pour Julien Vial d\u2019emmagasiner des kilom\u00e8tres dans l\u2019habitacle de la Hyundai, afin de se rendre compte de la vitesse \u00e0 laquelle d\u00e9file le paysage. Lors de ces tests, il est aussi pr\u00e9vu que Thierry ne prenne pas le volant avant le troisi\u00e8me jour. Pas d\u2019inqui\u00e9tude donc\u2026<\/p><p>A tr\u00e8s vite pour de nouvelles aventures, et quelques souvenirs qui serviront \u00e0 pr\u00e9facer le Rallye du Portugal\u00a0!<\/p><p>Nicolas Gilsoul<\/p>\t\t\t\t\t<\/div>\n\t\t\t\t\t\t<\/div>\n\t\t\t\t<\/div>\n\t\t\t\t\t\t<\/div>\n\t\t\t\t\t<\/div>\n\t\t<\/div>\n\t\t\t\t\t\t\t\t<\/div>\n\t\t\t\t\t<\/div>\n\t\t<\/section>\n\t\t\t\t\t\t\t\t\t<\/div>\n\t\t\t<\/div>\n\t\t\t\t\t<\/div>\n\t\t","protected":false},"excerpt":{"rendered":"<p>\u00ab\u00a0La pr\u00e9paration du Rallye du Portugal a d\u00e9j\u00e0 commenc\u00e9\u2026\u00a0\u00bb Apr\u00e8s deux victoires en Corse et en Argentine, avec Thierry, on esp\u00e9rait d\u00e9frayer une nouvelle fois la chronique au Chili. C\u2019est fait\u2026 mais pas de la mani\u00e8re souhait\u00e9e, h\u00e9las\u00a0! Avant toute chose, j\u2019aimerais saluer et remercier toutes les personnes qui nous ont d\u2019une mani\u00e8re ou d\u2019une [&hellip;]<\/p>\n","protected":false},"author":4,"featured_media":2532,"comment_status":"closed","ping_status":"closed","sticky":false,"template":"","format":"standard","meta":[],"categories":[53],"tags":[],"acf":[],"_links":{"self":[{"href":"https:\/\/nicolasgilsoul.be\/fr\/wp-json\/wp\/v2\/posts\/2530"}],"collection":[{"href":"https:\/\/nicolasgilsoul.be\/fr\/wp-json\/wp\/v2\/posts"}],"about":[{"href":"https:\/\/nicolasgilsoul.be\/fr\/wp-json\/wp\/v2\/types\/post"}],"author":[{"embeddable":true,"href":"https:\/\/nicolasgilsoul.be\/fr\/wp-json\/wp\/v2\/users\/4"}],"replies":[{"embeddable":true,"href":"https:\/\/nicolasgilsoul.be\/fr\/wp-json\/wp\/v2\/comments?post=2530"}],"version-history":[{"count":4,"href":"https:\/\/nicolasgilsoul.be\/fr\/wp-json\/wp\/v2\/posts\/2530\/revisions"}],"predecessor-version":[{"id":2542,"href":"https:\/\/nicolasgilsoul.be\/fr\/wp-json\/wp\/v2\/posts\/2530\/revisions\/2542"}],"wp:featuredmedia":[{"embeddable":true,"href":"https:\/\/nicolasgilsoul.be\/fr\/wp-json\/wp\/v2\/media\/2532"}],"wp:attachment":[{"href":"https:\/\/nicolasgilsoul.be\/fr\/wp-json\/wp\/v2\/media?parent=2530"}],"wp:term":[{"taxonomy":"category","embeddable":true,"href":"https:\/\/nicolasgilsoul.be\/fr\/wp-json\/wp\/v2\/categories?post=2530"},{"taxonomy":"post_tag","embeddable":true,"href":"https:\/\/nicolasgilsoul.be\/fr\/wp-json\/wp\/v2\/tags?post=2530"}],"curies":[{"name":"wp","href":"https:\/\/api.w.org\/{rel}","templated":true}]}}